{"id":13196,"date":"2026-01-30T08:42:06","date_gmt":"2026-01-30T07:42:06","guid":{"rendered":"https:\/\/germanairways.com\/?p=13196"},"modified":"2026-01-30T08:43:13","modified_gmt":"2026-01-30T07:43:13","slug":"german-airways-expands-its-fleet-with-additional-embraer-e190-aircraft-for-the-2026-summer-timetable","status":"publish","type":"post","link":"https:\/\/germanairways.com\/en\/german-airways-erweitert-flotteweiteres-embraer-e190-flugzeug-zum-sommerflugplan-2026","title":{"rendered":"German Airways expands its fleet: additional Embraer E190 aircraft for the 2026 summer flight schedule"},"content":{"rendered":"<p><strong>Cologne\/Bonn, 30 January 2026 -<\/strong> German Airways continues its growth strategy and will expand its fleet with an additional Embraer E190 aircraft for the Summer Schedule 2026. The aircraft will carry the registration D-ABKE and will be based in Germany, further strengthening the airline\u2019s operational footprint in its home market and its capacity for European charter and ACMI operations.<\/p>\n\n\n\n<p>The Embraer E190 has proven to be a highly reliable and efficient aircraft within the German Airways fleet. It combines strong operational performance with a modern cabin and high flexibility, making it ideally suited for wet-lease, charter and ACMI missions. The fleet expansion reflects the sustained demand from customers for reliable capacity and operational excellence.<\/p>\n\n\n\n<p>\u201cThe addition of another E190 clearly underlines our commitment to sustainable growth and the long-term development of German Airways,\u201d says Maren Wolters, Managing Director of German Airways. \u201cBy basing the aircraft in Germany, we further enhance our operational stability and flexibility while creating a strong foundation to expand existing partnerships and develop new customer projects.\u201d<\/p>\n\n\n\n<p>With the induction of D-ABKE, German Airways will further strengthen its position as a reliable European airline partner. At the same time, the company will create additional jobs in flight operations, cabin crew and maintenance, while continuing to invest in training, safety and operational resilience.\nGerman Airways operates a modern Embraer fleet and is committed to the highest standards of safety, punctuality and service quality. The fleet expansion for Summer 2026 represents another important step in consistently delivering on this promise.<\/p>","protected":false},"excerpt":{"rendered":"<p>K\u00f6ln\/Bonn, 30. Januar 2026&nbsp;\u2013 German Airways setzt ihren Wachstumskurs konsequent fort und erweitert die Flotte zum Sommerflugplan 2026 um ein weiteres Flugzeug des Typs&nbsp;Embraer E190. Das zus\u00e4tzliche Flugzeug wird die&nbsp;Kennung D-ABKE&nbsp;tragen und&nbsp;in Deutschland stationiert&nbsp;sein. Damit st\u00e4rkt die deutsche Fluggesellschaft gezielt ihre operative Pr\u00e4senz am Heimatmarkt sowie ihre Kapazit\u00e4ten im europ\u00e4ischen Strecken- und Chartergesch\u00e4ft. Die Embraer [&hellip;]<\/p>\n","protected":false},"author":11,"featured_media":0,"comment_status":"closed","ping_status":"","sticky":false,"template":"","format":"standard","meta":{"_acf_changed":false,"inline_featured_image":false,"footnotes":""},"categories":[86,32,33],"tags":[],"class_list":["post-13196","post","type-post","status-publish","format-standard","hentry","category-news-startseite","category-presse","category-presseartikel"],"acf":[],"_links":{"self":[{"href":"https:\/\/germanairways.com\/en\/wp-json\/wp\/v2\/posts\/13196","targetHints":{"allow":["GET"]}}],"collection":[{"href":"https:\/\/germanairways.com\/en\/wp-json\/wp\/v2\/posts"}],"about":[{"href":"https:\/\/germanairways.com\/en\/wp-json\/wp\/v2\/types\/post"}],"author":[{"embeddable":true,"href":"https:\/\/germanairways.com\/en\/wp-json\/wp\/v2\/users\/11"}],"replies":[{"embeddable":true,"href":"https:\/\/germanairways.com\/en\/wp-json\/wp\/v2\/comments?post=13196"}],"version-history":[{"count":2,"href":"https:\/\/germanairways.com\/en\/wp-json\/wp\/v2\/posts\/13196\/revisions"}],"predecessor-version":[{"id":13198,"href":"https:\/\/germanairways.com\/en\/wp-json\/wp\/v2\/posts\/13196\/revisions\/13198"}],"wp:attachment":[{"href":"https:\/\/germanairways.com\/en\/wp-json\/wp\/v2\/media?parent=13196"}],"wp:term":[{"taxonomy":"category","embeddable":true,"href":"https:\/\/germanairways.com\/en\/wp-json\/wp\/v2\/categories?post=13196"},{"taxonomy":"post_tag","embeddable":true,"href":"https:\/\/germanairways.com\/en\/wp-json\/wp\/v2\/tags?post=13196"}],"curies":[{"name":"wp","href":"https:\/\/api.w.org\/{rel}","templated":true}]}}